{"id":7945,"date":"2026-09-05T17:41:01","date_gmt":"2026-09-05T17:41:01","guid":{"rendered":"https:\/\/ciofs.info\/?p=7945"},"modified":"2026-09-05T17:43:23","modified_gmt":"2026-09-05T17:43:23","slug":"september-servant-of-god-jose-jorge-bunader-1889-1952","status":"publish","type":"post","link":"https:\/\/ciofs.info\/it\/2026\/09\/05\/september-servant-of-god-jose-jorge-bunader-1889-1952\/","title":{"rendered":"Settembre: Servo di Dio Jos\u00e9 Jorge Bunader (1889 \u2013 1952)"},"content":{"rendered":"<p>Jos\u00e9 Jorge Bunader nacque il 15 gennaio 1889 a El Metn (Jabal Lubna, Libano). Dopo essersi trasferito in Argentina, vi rimase per il resto della sua vita. Era un laico cattolico di rito maronita. Sposato e padre di una numerosa famiglia, si prendeva cura dei suoi cari con ammirevole attenzione e dedizione. La stessa figlia lo descrive cos\u00ec: \u00abInnamorato di Dio e della sua gloria, saldo nella fede, impegnato nella sua Chiesa, era un padre esemplare per una numerosa famiglia, un marito fedele e premuroso, con un atteggiamento consono ai tempi in cui visse\u00bb.<\/p>\n<p><a href=\"https:\/\/ciofs.info\/wp-content\/uploads\/2026\/09\/Bunader_J.png\"><img decoding=\"async\" class=\"alignright size-full wp-image-7948\" src=\"https:\/\/ciofs.info\/wp-content\/uploads\/2026\/09\/Bunader_J.png\" alt=\"Jos\u00e9 Jorge Bunader\" width=\"110\" height=\"163\" srcset=\"https:\/\/ciofs.info\/wp-content\/uploads\/2026\/09\/Bunader_J.png 110w, https:\/\/ciofs.info\/wp-content\/uploads\/2026\/09\/Bunader_J-101x150.png 101w\" sizes=\"(max-width: 110px) 100vw, 110px\" \/><\/a>Il Servo di Dio ricerc\u00f2 costantemente la santit\u00e0, vivendo la sua vita quotidiana con integrit\u00e0, semplicit\u00e0 e modestia. Segni miracolosi lo accompagnarono durante tutta la sua vita e anche dopo la sua morte. A proposito della santit\u00e0 amava dire: \u00abLa gloria \u00e8 dovuta solo a Dio, perch\u00e9 Egli, e Lui solo, \u00e8 l\u2019autore della grandezza dei suoi santi\u00bb.<\/p>\n<p>Don Jos\u00e9 Jorge era un membro devoto del Terz\u2019Ordine Francescano (Ordine Francescano Secolare) e un partecipante attivo dell\u2019Azione Cattolica Argentina fin dalla sua fondazione a Mendoza. In seno a queste istituzioni si distinse per la sua profonda unione con il Signore, per la pratica esemplare delle virt\u00f9 cristiane, per la sua profonda devozione alla Beata Vergine Maria e per la sua filiale e reverente obbedienza alla gerarchia della Chiesa. La sua vita risplendeva come una luminosa testimonianza di fede e di impegno.<\/p>\n<p>Don Jos\u00e9 Jorge era inoltre membro dell\u2019Arciconfraternita del Santissimo Sacramento, i cui membri assumevano il nobile compito di vegliare davanti all\u2019Eucaristia nelle ore in cui nessun altro era presente, sia di giorno sia di notte. A quel tempo era consuetudine esporre il Santissimo Sacramento per l\u2019adorazione perpetua, alternandosi tra le chiese e le parrocchie locali, affinch\u00e9 i fedeli potessero adorarlo ininterrottamente, ventiquattr\u2019ore su ventiquattro.<\/p>\n<p>Jos\u00e9 Jorge svolgeva questo servizio di guardia d\u2019onore con singolare gioia, fervente devozione e incrollabile fede. Amici e familiari testimoniano che persino coloro che non credevano rimanevano profondamente colpiti dalla sua testimonianza. Conoscendo la forza trasformante della sua presenza, conducevano discretamente in chiesa i non credenti nell\u2019ora della sua adorazione, senza rivelare loro chi stavano per incontrare. Pi\u00f9 volte, la vista di Jos\u00e9 Jorge immerso nella preghiera \u2013 la sua gioia luminosa e la sua profonda riverenza \u2013 divenne una testimonianza vivente che conduceva i cuori alla fede nell\u2019Eucaristia.<\/p>\n<p>Questo dono della devozione eucaristica era una delle molte grazie che lo Spirito Santo gli aveva elargito, permettendogli di compiere con fedelt\u00e0 e amore la sua missione di cristiano nel mondo. Un altro dei doni che lo Spirito Santo aveva elargito a Jos\u00e9 Jorge, affinch\u00e9 potesse compiere la sua missione di cristiano in questo mondo \u2013 una missione che, come attestano molti, egli port\u00f2 a compimento pienamente \u2013 era la grazia di portare pace e gioia a coloro che lo circondavano. Persino persone affette da una profonda depressione, al di l\u00e0 delle possibilit\u00e0 della scienza medica, dopo pochi minuti trascorsi in sua presenza si sentivano \u00abrisuscitate a una nuova vita di pace e di gioia\u00bb.<\/p>\n<p>Il suo animo era sempre aperto e accogliente; accoglieva ogni prossimo senza distinzione di condizione sociale, economica o religiosa. Il suo dono dell\u2019ascolto, unito alla sua completa docilit\u00e0 allo Spirito Santo, poneva sulle sue labbra le parole giuste, parole capaci di guarire e di consolare.<\/p>\n<p>Tra coloro che testimoniarono questo dono vi fu il sacerdote salesiano Pascual Marchesotti, direttore della Scuola San Juan Bosco di Bah\u00eda Blanca e predicatore di ritiri spirituali in tutta l\u2019Argentina. Parlando di Don Jos\u00e9 Jorge, afferm\u00f2: \u00abEra un uomo veramente degno di essere un modello del vero cristiano: straordinario nel modo in cui viveva la sua fede. Portava pace e tranquillit\u00e0 a coloro che si rivolgevano a lui per ricevere consiglio\u00bb.<\/p>\n<p>Bunader mor\u00ec a Mendoza l\u201911 settembre 1952. Nel 1999, sua figlia Maria Regina pubblic\u00f2 la sua biografia. Con il continuo crescere della sua fama di santit\u00e0, l\u2019inchiesta diocesana sulla vita e sulle virt\u00f9 di Bunader ebbe inizio il 17 ottobre 2002. Il 1\u00b0 febbraio 2003, la Congregazione delle Cause dei Santi concesse all\u2019Eparchia maronita di San Charbel a Buenos Aires il permesso di procedere con la causa di beatificazione.<\/p>\n<p style=\"font-weight: 400;\"><em>Fonti:<\/em><\/p>\n<ol>\n<li><a href=\"https:\/\/calendariofrancescanosecolare.blogspot.com\/2020\/04\/servo-di-dio-giuseppe-giorgio-bunader.html\">https:\/\/calendariofrancescanosecolare.blogspot.com\/2020\/04\/servo-di-dio-giuseppe-giorgio-bunader.html<\/a><\/li>\n<li><a href=\"https:\/\/drive.google.com\/file\/d\/1FXr2zx9z1fDemvPmwy8h8ZuZ7DuIAd5P\/view?fbclid=IwY2xjawTr4iVwZG9mAWV4dG4DYWVtAjExAGJyaWQRMVZlVFdHajJVSFdENWRJb3BzcnRjBmFwcF9pZBAyMjIwMzkxNzg4MjAwODkyAAEeYodFwy_JTagVfZZlF4EC-nKO2OcmADl8yqGJRquhOcM81rHQu2H7kSecMpQ_aem_pc5Mmf-StERVNsYq5Mdl_g\">https:\/\/drive.google.com\/file\/d\/1FXr2zx9z1fDemvPmwy8h8ZuZ7DuIAd5P\/view?fbclid=IwY2xjawTr4iVwZG9mAWV4dG4DYWVtAjExAGJyaWQRMVZlVFdHajJVSFdENWRJb3BzcnRjBmFwcF9pZBAyMjIwMzkxNzg4MjAwODkyAAEeYodFwy_JTagVfZZlF4EC-nKO2OcmADl8yqGJRquhOcM81rHQu2H7kSecMpQ_aem_pc5Mmf-StERVNsYq5Mdl_g<\/a><\/li>\n<\/ol>\n","protected":false},"excerpt":{"rendered":"<p>Jos\u00e9 Jorge Bunader nacque il 15 gennaio 1889 a El Metn (Jabal Lubna, Libano). Dopo essersi trasferito in Argentina, vi rimase per il resto della sua vita. Era un laico cattolico di rito maronita. Sposato e padre di una numerosa famiglia, si prendeva cura dei suoi cari con ammirevole attenzione e dedizione. La stessa figlia [&hellip;]<\/p>\n","protected":false},"author":1,"featured_media":7947,"comment_status":"closed","ping_status":"open","sticky":false,"template":"","format":"standard","meta":{"site-sidebar-layout":"default","site-content-layout":"","ast-site-content-layout":"default","site-content-style":"default","site-sidebar-style":"default","ast-global-header-display":"","ast-banner-title-visibility":"","ast-main-header-display":"","ast-hfb-above-header-display":"","ast-hfb-below-header-display":"","ast-hfb-mobile-header-display":"","site-post-title":"","ast-breadcrumbs-content":"","ast-featured-img":"disabled","footer-sml-layout":"","ast-disable-related-posts":"","theme-transparent-header-meta":"default","adv-header-id-meta":"","stick-header-meta":"","header-above-stick-meta":"","header-main-stick-meta":"","header-below-stick-meta":"","astra-migrate-meta-layouts":"set","ast-page-background-enabled":"default","ast-page-background-meta":{"desktop":{"background-color":"","background-image":"","background-repeat":"repeat","background-position":"center center","background-size":"auto","background-attachment":"scroll","background-type":"","background-media":"","overlay-type":"","overlay-color":"","overlay-opacity":"","overlay-gradient":""},"tablet":{"background-color":"","background-image":"","background-repeat":"repeat","background-position":"center center","background-size":"auto","background-attachment":"scroll","background-type":"","background-media":"","overlay-type":"","overlay-color":"","overlay-opacity":"","overlay-gradient":""},"mobile":{"background-color":"","background-image":"","background-repeat":"repeat","background-position":"center center","background-size":"auto","background-attachment":"scroll","background-type":"","background-media":"","overlay-type":"","overlay-color":"","overlay-opacity":"","overlay-gradient":""}},"ast-content-background-meta":{"desktop":{"background-color":"var(--ast-global-color-5)","background-image":"","background-repeat":"repeat","background-position":"center center","background-size":"auto","background-attachment":"scroll","background-type":"","background-media":"","overlay-type":"","overlay-color":"","overlay-opacity":"","overlay-gradient":""},"tablet":{"background-color":"var(--ast-global-color-5)","background-image":"","background-repeat":"repeat","background-position":"center center","background-size":"auto","background-attachment":"scroll","background-type":"","background-media":"","overlay-type":"","overlay-color":"","overlay-opacity":"","overlay-gradient":""},"mobile":{"background-color":"var(--ast-global-color-5)","background-image":"","background-repeat":"repeat","background-position":"center center","background-size":"auto","background-attachment":"scroll","background-type":"","background-media":"","overlay-type":"","overlay-color":"","overlay-opacity":"","overlay-gradient":""}},"footnotes":""},"categories":[2,12,66],"tags":[],"class_list":["post-7945","post","type-post","status-publish","format-standard","has-post-thumbnail","hentry","category-main-page","category-news","category-saint-of-month"],"translation":{"provider":"WPGlobus","version":"3.0.5","language":"it","enabled_languages":["en","it","es","fr"],"languages":{"en":{"title":true,"content":true,"excerpt":false},"it":{"title":true,"content":true,"excerpt":false},"es":{"title":true,"content":true,"excerpt":false},"fr":{"title":true,"content":true,"excerpt":false}}},"rttpg_featured_image_url":{"full":["https:\/\/ciofs.info\/wp-content\/uploads\/2026\/09\/1Jose-Jorge-Bunader-_jpg.jpg",330,327,false],"landscape":["https:\/\/ciofs.info\/wp-content\/uploads\/2026\/09\/1Jose-Jorge-Bunader-_jpg.jpg",330,327,false],"portraits":["https:\/\/ciofs.info\/wp-content\/uploads\/2026\/09\/1Jose-Jorge-Bunader-_jpg.jpg",330,327,false],"thumbnail":["https:\/\/ciofs.info\/wp-content\/uploads\/2026\/09\/1Jose-Jorge-Bunader-_jpg-150x150.jpg",150,150,true],"medium":["https:\/\/ciofs.info\/wp-content\/uploads\/2026\/09\/1Jose-Jorge-Bunader-_jpg-300x297.jpg",300,297,true],"large":["https:\/\/ciofs.info\/wp-content\/uploads\/2026\/09\/1Jose-Jorge-Bunader-_jpg.jpg",330,327,false],"1536x1536":["https:\/\/ciofs.info\/wp-content\/uploads\/2026\/09\/1Jose-Jorge-Bunader-_jpg.jpg",330,327,false],"2048x2048":["https:\/\/ciofs.info\/wp-content\/uploads\/2026\/09\/1Jose-Jorge-Bunader-_jpg.jpg",330,327,false],"alm-thumbnail":["https:\/\/ciofs.info\/wp-content\/uploads\/2026\/09\/1Jose-Jorge-Bunader-_jpg-150x150.jpg",150,150,true]},"rttpg_author":{"display_name":"robert","author_link":"https:\/\/ciofs.info\/it\/author\/robert\/"},"rttpg_comment":0,"rttpg_category":"<a href=\"https:\/\/ciofs.info\/it\/category\/main-page\/\" rel=\"category tag\">Main Page<\/a> <a href=\"https:\/\/ciofs.info\/it\/category\/news\/\" rel=\"category tag\">News<\/a> <a href=\"https:\/\/ciofs.info\/it\/category\/projects\/saint-of-month\/\" rel=\"category tag\">Saint of Month<\/a>","rttpg_excerpt":"Jos\u00e9 Jorge Bunader nacque il 15 gennaio 1889 a El Metn (Jabal Lubna, Libano). Dopo essersi trasferito in Argentina, vi rimase per il resto della sua vita. Era un laico cattolico di rito maronita. Sposato e padre di una numerosa famiglia, si prendeva cura dei suoi cari con ammirevole attenzione e dedizione. La stessa figlia&hellip;","_links":{"self":[{"href":"https:\/\/ciofs.info\/it\/wp-json\/wp\/v2\/posts\/7945","targetHints":{"allow":["GET"]}}],"collection":[{"href":"https:\/\/ciofs.info\/it\/wp-json\/wp\/v2\/posts"}],"about":[{"href":"https:\/\/ciofs.info\/it\/wp-json\/wp\/v2\/types\/post"}],"author":[{"embeddable":true,"href":"https:\/\/ciofs.info\/it\/wp-json\/wp\/v2\/users\/1"}],"replies":[{"embeddable":true,"href":"https:\/\/ciofs.info\/it\/wp-json\/wp\/v2\/comments?post=7945"}],"version-history":[{"count":8,"href":"https:\/\/ciofs.info\/it\/wp-json\/wp\/v2\/posts\/7945\/revisions"}],"predecessor-version":[{"id":7955,"href":"https:\/\/ciofs.info\/it\/wp-json\/wp\/v2\/posts\/7945\/revisions\/7955"}],"wp:featuredmedia":[{"embeddable":true,"href":"https:\/\/ciofs.info\/it\/wp-json\/wp\/v2\/media\/7947"}],"wp:attachment":[{"href":"https:\/\/ciofs.info\/it\/wp-json\/wp\/v2\/media?parent=7945"}],"wp:term":[{"taxonomy":"category","embeddable":true,"href":"https:\/\/ciofs.info\/it\/wp-json\/wp\/v2\/categories?post=7945"},{"taxonomy":"post_tag","embeddable":true,"href":"https:\/\/ciofs.info\/it\/wp-json\/wp\/v2\/tags?post=7945"}],"curies":[{"name":"wp","href":"https:\/\/api.w.org\/{rel}","templated":true}]}}