{"id":7956,"date":"2026-09-05T18:46:41","date_gmt":"2026-09-05T18:46:41","guid":{"rendered":"https:\/\/ciofs.info\/?p=7956"},"modified":"2026-09-05T18:46:41","modified_gmt":"2026-09-05T18:46:41","slug":"the-2nd-ofs-youfra-pan-african-congress","status":"publish","type":"post","link":"https:\/\/ciofs.info\/fr\/2026\/09\/05\/the-2nd-ofs-youfra-pan-african-congress\/","title":{"rendered":"2e Congr\u00e8s Panafricain OFS\u2013JEFRA"},"content":{"rendered":"<p>Du 21 au 26 ao\u00fbt 2026, le 2e Congr\u00e8s panafricain OFS\u2013JeFra s\u2019est tenu \u00e0 Kampala, en Ouganda, autour du th\u00e8me central \u00ab\u00a0Soyez des artisans de paix\u00a0\u00bb. La devise qui a guid\u00e9 cette rencontre \u00e9tait\u00a0: \u00ab\u00a0Heureux les artisans de paix, car ils seront appel\u00e9s fils de Dieu\u00a0\u00bb (Mt 5,9).<\/p>\n<p>Il convient de rappeler que le 1er Congr\u00e8s panafricain OFS\u2013JeFra avait eu lieu en 2018. Pendant huit longues ann\u00e9es, les fr\u00e8res et s\u0153urs ont attendu avec joie de pouvoir se retrouver. Cet \u00e9v\u00e9nement tant attendu a finalement r\u00e9uni 91 membres venus de 10 pays du continent africain. La participation des Assistants spirituels rev\u00eatait une importance particuli\u00e8re\u00a0: leur pr\u00e9sence et leur implication active ont t\u00e9moign\u00e9 de l\u2019unit\u00e9 vivante et de la communion de la Famille franciscaine.<\/p>\n<p>Les organisateurs du Congr\u00e8s ont exprim\u00e9 leur profonde gratitude \u00e0 la Fraternit\u00e9 nationale de l\u2019OFS d\u2019Ouganda pour son accueil chaleureux, sa g\u00e9n\u00e9rosit\u00e9 et son attention, qui ont permis aux participants de ne pas se sentir simplement comme des invit\u00e9s, mais comme de v\u00e9ritables membres d\u2019une m\u00eame famille franciscaine.<\/p>\n<p>Le Congr\u00e8s a offert une exp\u00e9rience riche de fraternit\u00e9, de joie et d\u2019\u00e9changes culturels. Les participants ont approfondi l\u2019appel \u00e0 \u00eatre des artisans de paix, pr\u00e9sent\u00e9 par Adolph Atsu Assagba, OFS, ainsi que le sens de la vocation franciscaine s\u00e9culi\u00e8re dans un monde aujourd\u2019hui marqu\u00e9 par les conflits, pr\u00e9sent\u00e9 par le P. Elvis Gwangwava, OFMCap. Ils ont \u00e9galement \u00e9t\u00e9 enrichis par une r\u00e9flexion sur l\u2019interconnexion de la vie au sein de la Famille, de la Fraternit\u00e9 et de l\u2019\u00c9glise, pr\u00e9sent\u00e9e par Eremenciana Chinyama, OFS. Parmi les th\u00e8mes abord\u00e9s, une attention particuli\u00e8re a \u00e9t\u00e9 accord\u00e9e au r\u00f4le des Assistants spirituels dans le contexte africain, pr\u00e9sent\u00e9 par le P. Pedro Zitha, OFM, ainsi qu\u2019au t\u00e9moignage des jeunes et des enfants franciscains comme instruments de paix dans le monde, mis en lumi\u00e8re par Nicholas Kugonza, OFS. Jenny Harrington, OFS, a pr\u00e9sent\u00e9 les conclusions du 1er Congr\u00e8s panafricain, en proposant \u00e0 la fois un rapport et une \u00e9valuation, en collaboration avec les premiers membres du Projet Afrique\u00a0: Honorius Chilufiya, OFS\u00a0; Adolph Atsu Asagba, OFS\u00a0; et Eremenciana Chinyama, OFS.<br \/>\nEnsuite, Panuga Pulenthiran, coordinatrice du Programme Afrique de Franciscan International, a pr\u00e9sent\u00e9 cette organisation aux participants du Congr\u00e8s, en exposant sa mission et son travail. Le P. John Martin Opio, OFMCap, avait pr\u00e9par\u00e9 une pr\u00e9sentation sur l\u2019Ann\u00e9e jubilaire de saint Fran\u00e7ois d\u2019Assise. Les contributions du Ministre g\u00e9n\u00e9ral Tibor Kauser, qui a particip\u00e9 au Congr\u00e8s en ligne, ont rev\u00eatu une importance particuli\u00e8re. Il a parl\u00e9 du r\u00f4le et de l\u2019interpr\u00e9tation des Statuts internationaux de l\u2019OFS et a propos\u00e9 une r\u00e9flexion sur le th\u00e8me\u00a0: \u00ab\u00a0P\u00e2ques de saint Fran\u00e7ois d\u2019Assise 1226\u20132026\u00a0\u00bb.<br \/>\nLes participants ont \u00e9galement eu l\u2019occasion d\u2019\u00e9changer avec les membres de la Pr\u00e9sidence du CIOFS.<\/p>\n<p>D\u2019autres moments importants de cette rencontre fraternelle furent la c\u00e9l\u00e9bration de l\u2019Eucharistie, les temps de pri\u00e8re communautaire ainsi que les joyeuses soir\u00e9es fraternelles, v\u00e9cues dans la joie, au rythme des chants et des danses.<\/p>\n<p>Le p\u00e8lerinage au Sanctuaire des Martyrs de l\u2019Ouganda a rev\u00eatu une importance particuli\u00e8re pour les participants au Congr\u00e8s. Ce sanctuaire est v\u00e9n\u00e9r\u00e9 comme le berceau de la foi dans la r\u00e9gion. Cette visite sacr\u00e9e a offert non seulement un temps de pri\u00e8re et de r\u00e9flexion, mais aussi une rencontre profonde avec le t\u00e9moignage vivant de ceux qui ont rendu t\u00e9moignage au Christ par leur martyre. Cette exp\u00e9rience a approfondi le sens de la communion entre les participants et renforc\u00e9 leur conscience des racines de la foi chr\u00e9tienne en Afrique.<\/p>\n<p style=\"font-weight: 400;\">Les participants au Congr\u00e8s sont parvenus aux conclusions suivantes, fruit de leur discernement et de leur collaboration :<\/p>\n<ul style=\"font-weight: 400;\">\n<li><strong>Formation\u00a0:<\/strong> Renforcer la formation permanente de l\u2019OFS, fond\u00e9e sur la R\u00e8gle, les Constitutions, le Rituel ainsi que sur les documents franciscains et eccl\u00e9siaux pertinents.<\/li>\n<li><strong>Construction de la paix\u00a0:<\/strong> Faire de la construction de la paix une expression concr\u00e8te du charisme franciscain \u00e0 travers l\u2019\u00e9ducation \u00e0 la paix, le dialogue, la r\u00e9conciliation, la sauvegarde de la cr\u00e9ation, le soutien aux victimes, les initiatives en faveur des jeunes, la promotion responsable des ressources et la collaboration interreligieuse.<\/li>\n<li><strong>Poursuivre l\u2019esprit de c\u00e9l\u00e9bration des Centenaires franciscains\u00a0:<\/strong> Faire vivre l\u2019esprit des Centenaires et du Jubil\u00e9 en mettant quotidiennement en pratique l\u2019exemple de saint Fran\u00e7ois et en promouvant la joie, la gratitude, la fraternit\u00e9, la simplicit\u00e9, l\u2019esp\u00e9rance et le souci de la cr\u00e9ation.<\/li>\n<li><strong>JeFra et Enfants franciscains\u00a0:<\/strong> \u00c9tablir, renforcer et accompagner les groupes JeFra et les groupes d\u2019Enfants franciscains, en leur assurant une formation adapt\u00e9e au charisme franciscain.<\/li>\n<li><strong>Assistance spirituelle\u00a0:<\/strong> Accro\u00eetre et renforcer le nombre d\u2019Assistants spirituels qualifi\u00e9s gr\u00e2ce \u00e0 une nomination et une pr\u00e9paration ad\u00e9quates, et organiser un atelier continental de formation sur l\u2019identit\u00e9, la vocation, la spiritualit\u00e9 et l\u2019accompagnement de l\u2019OFS.<\/li>\n<li><strong>Famille, Fraternit\u00e9 et \u00c9glise\u00a0:<\/strong> Renforcer les relations entre la famille, la Fraternit\u00e9 et l\u2019\u00c9glise par la pri\u00e8re familiale, la formation, les rencontres, la promotion des vocations, la collaboration pastorale, le service aux familles vuln\u00e9rables et l\u2019accompagnement interg\u00e9n\u00e9rationnel.<\/li>\n<\/ul>\n<p style=\"font-weight: 400;\">\n","protected":false},"excerpt":{"rendered":"<p>Du 21 au 26 ao\u00fbt 2026, le 2e Congr\u00e8s panafricain OFS\u2013JeFra s\u2019est tenu \u00e0 Kampala, en Ouganda, autour du th\u00e8me central \u00ab\u00a0Soyez des artisans de paix\u00a0\u00bb. La devise qui a guid\u00e9 cette rencontre \u00e9tait\u00a0: \u00ab\u00a0Heureux les artisans de paix, car ils seront appel\u00e9s fils de Dieu\u00a0\u00bb (Mt 5,9). Il convient de rappeler que le 1er [&hellip;]<\/p>\n","protected":false},"author":1,"featured_media":7962,"comment_status":"closed","ping_status":"open","sticky":false,"template":"","format":"standard","meta":{"site-sidebar-layout":"default","site-content-layout":"","ast-site-content-layout":"default","site-content-style":"default","site-sidebar-style":"default","ast-global-header-display":"","ast-banner-title-visibility":"","ast-main-header-display":"","ast-hfb-above-header-display":"","ast-hfb-below-header-display":"","ast-hfb-mobile-header-display":"","site-post-title":"","ast-breadcrumbs-content":"","ast-featured-img":"","footer-sml-layout":"","ast-disable-related-posts":"","theme-transparent-header-meta":"default","adv-header-id-meta":"","stick-header-meta":"","header-above-stick-meta":"","header-main-stick-meta":"","header-below-stick-meta":"","astra-migrate-meta-layouts":"set","ast-page-background-enabled":"default","ast-page-background-meta":{"desktop":{"background-color":"","background-image":"","background-repeat":"repeat","background-position":"center center","background-size":"auto","background-attachment":"scroll","background-type":"","background-media":"","overlay-type":"","overlay-color":"","overlay-opacity":"","overlay-gradient":""},"tablet":{"background-color":"","background-image":"","background-repeat":"repeat","background-position":"center center","background-size":"auto","background-attachment":"scroll","background-type":"","background-media":"","overlay-type":"","overlay-color":"","overlay-opacity":"","overlay-gradient":""},"mobile":{"background-color":"","background-image":"","background-repeat":"repeat","background-position":"center center","background-size":"auto","background-attachment":"scroll","background-type":"","background-media":"","overlay-type":"","overlay-color":"","overlay-opacity":"","overlay-gradient":""}},"ast-content-background-meta":{"desktop":{"background-color":"var(--ast-global-color-5)","background-image":"","background-repeat":"repeat","background-position":"center center","background-size":"auto","background-attachment":"scroll","background-type":"","background-media":"","overlay-type":"","overlay-color":"","overlay-opacity":"","overlay-gradient":""},"tablet":{"background-color":"var(--ast-global-color-5)","background-image":"","background-repeat":"repeat","background-position":"center center","background-size":"auto","background-attachment":"scroll","background-type":"","background-media":"","overlay-type":"","overlay-color":"","overlay-opacity":"","overlay-gradient":""},"mobile":{"background-color":"var(--ast-global-color-5)","background-image":"","background-repeat":"repeat","background-position":"center center","background-size":"auto","background-attachment":"scroll","background-type":"","background-media":"","overlay-type":"","overlay-color":"","overlay-opacity":"","overlay-gradient":""}},"footnotes":""},"categories":[16,2,12,46],"tags":[],"class_list":["post-7956","post","type-post","status-publish","format-standard","has-post-thumbnail","hentry","category-congresses","category-main-page","category-news","category-youfra"],"translation":{"provider":"WPGlobus","version":"3.0.5","language":"fr","enabled_languages":["en","it","es","fr"],"languages":{"en":{"title":true,"content":true,"excerpt":false},"it":{"title":true,"content":true,"excerpt":false},"es":{"title":true,"content":true,"excerpt":false},"fr":{"title":true,"content":true,"excerpt":false}}},"rttpg_featured_image_url":{"full":["https:\/\/ciofs.info\/wp-content\/uploads\/2026\/09\/1PanAfrican-congress-group.jpg",1280,960,false],"landscape":["https:\/\/ciofs.info\/wp-content\/uploads\/2026\/09\/1PanAfrican-congress-group.jpg",1280,960,false],"portraits":["https:\/\/ciofs.info\/wp-content\/uploads\/2026\/09\/1PanAfrican-congress-group.jpg",1280,960,false],"thumbnail":["https:\/\/ciofs.info\/wp-content\/uploads\/2026\/09\/1PanAfrican-congress-group-150x113.jpg",150,113,true],"medium":["https:\/\/ciofs.info\/wp-content\/uploads\/2026\/09\/1PanAfrican-congress-group-300x225.jpg",300,225,true],"large":["https:\/\/ciofs.info\/wp-content\/uploads\/2026\/09\/1PanAfrican-congress-group-1024x768.jpg",1024,768,true],"1536x1536":["https:\/\/ciofs.info\/wp-content\/uploads\/2026\/09\/1PanAfrican-congress-group.jpg",1280,960,false],"2048x2048":["https:\/\/ciofs.info\/wp-content\/uploads\/2026\/09\/1PanAfrican-congress-group.jpg",1280,960,false],"alm-thumbnail":["https:\/\/ciofs.info\/wp-content\/uploads\/2026\/09\/1PanAfrican-congress-group-150x150.jpg",150,150,true]},"rttpg_author":{"display_name":"robert","author_link":"https:\/\/ciofs.info\/fr\/author\/robert\/"},"rttpg_comment":0,"rttpg_category":"<a href=\"https:\/\/ciofs.info\/fr\/category\/news\/congresses\/\" rel=\"category tag\">Congresses<\/a> <a href=\"https:\/\/ciofs.info\/fr\/category\/main-page\/\" rel=\"category tag\">Main Page<\/a> <a href=\"https:\/\/ciofs.info\/fr\/category\/news\/\" rel=\"category tag\">News<\/a> <a href=\"https:\/\/ciofs.info\/fr\/category\/offices\/youfra\/\" rel=\"category tag\">YouFra<\/a>","rttpg_excerpt":"Du 21 au 26 ao\u00fbt 2026, le 2e Congr\u00e8s panafricain OFS\u2013JeFra s\u2019est tenu \u00e0 Kampala, en Ouganda, autour du th\u00e8me central \u00ab\u00a0Soyez des artisans de paix\u00a0\u00bb. La devise qui a guid\u00e9 cette rencontre \u00e9tait\u00a0: \u00ab\u00a0Heureux les artisans de paix, car ils seront appel\u00e9s fils de Dieu\u00a0\u00bb (Mt 5,9). Il convient de rappeler que le 1er&hellip;","_links":{"self":[{"href":"https:\/\/ciofs.info\/fr\/wp-json\/wp\/v2\/posts\/7956","targetHints":{"allow":["GET"]}}],"collection":[{"href":"https:\/\/ciofs.info\/fr\/wp-json\/wp\/v2\/posts"}],"about":[{"href":"https:\/\/ciofs.info\/fr\/wp-json\/wp\/v2\/types\/post"}],"author":[{"embeddable":true,"href":"https:\/\/ciofs.info\/fr\/wp-json\/wp\/v2\/users\/1"}],"replies":[{"embeddable":true,"href":"https:\/\/ciofs.info\/fr\/wp-json\/wp\/v2\/comments?post=7956"}],"version-history":[{"count":4,"href":"https:\/\/ciofs.info\/fr\/wp-json\/wp\/v2\/posts\/7956\/revisions"}],"predecessor-version":[{"id":7960,"href":"https:\/\/ciofs.info\/fr\/wp-json\/wp\/v2\/posts\/7956\/revisions\/7960"}],"wp:featuredmedia":[{"embeddable":true,"href":"https:\/\/ciofs.info\/fr\/wp-json\/wp\/v2\/media\/7962"}],"wp:attachment":[{"href":"https:\/\/ciofs.info\/fr\/wp-json\/wp\/v2\/media?parent=7956"}],"wp:term":[{"taxonomy":"category","embeddable":true,"href":"https:\/\/ciofs.info\/fr\/wp-json\/wp\/v2\/categories?post=7956"},{"taxonomy":"post_tag","embeddable":true,"href":"https:\/\/ciofs.info\/fr\/wp-json\/wp\/v2\/tags?post=7956"}],"curies":[{"name":"wp","href":"https:\/\/api.w.org\/{rel}","templated":true}]}}