{"id":7945,"date":"2026-09-05T17:41:01","date_gmt":"2026-09-05T17:41:01","guid":{"rendered":"https:\/\/ciofs.info\/?p=7945"},"modified":"2026-09-05T17:43:23","modified_gmt":"2026-09-05T17:43:23","slug":"september-servant-of-god-jose-jorge-bunader-1889-1952","status":"publish","type":"post","link":"https:\/\/ciofs.info\/fr\/2026\/09\/05\/september-servant-of-god-jose-jorge-bunader-1889-1952\/","title":{"rendered":"Septembre : Serviteur de Dieu Jos\u00e9 Jorge Bunader (1889 \u2013 1952)"},"content":{"rendered":"<p>Jos\u00e9 Jorge Bunader est n\u00e9 le 15 janvier 1889 \u00e0 El Metn (Jabal Lubna, Liban). Apr\u00e8s s\u2019\u00eatre install\u00e9 en Argentine, il y demeura jusqu\u2019\u00e0 la fin de sa vie. C\u2019\u00e9tait un la\u00efc catholique de rite maronite. Mari\u00e9 et p\u00e8re d\u2019une famille nombreuse, il prenait soin des siens avec une attention et un d\u00e9vouement admirables. Sa propre fille le d\u00e9crit ainsi\u00a0: \u00ab\u00a0Amoureux de Dieu et de sa gloire, ferme dans sa foi, engag\u00e9 envers son \u00c9glise, il \u00e9tait un p\u00e8re exemplaire pour une famille nombreuse, un \u00e9poux fid\u00e8le et attentif, avec une attitude conforme \u00e0 l\u2019\u00e9poque dans laquelle il vivait.\u00a0\u00bb<\/p>\n<p><a href=\"https:\/\/ciofs.info\/wp-content\/uploads\/2026\/09\/Bunader_J.png\"><img decoding=\"async\" class=\"alignright size-full wp-image-7948\" src=\"https:\/\/ciofs.info\/wp-content\/uploads\/2026\/09\/Bunader_J.png\" alt=\"Jos\u00e9 Jorge Bunader\" width=\"110\" height=\"163\" srcset=\"https:\/\/ciofs.info\/wp-content\/uploads\/2026\/09\/Bunader_J.png 110w, https:\/\/ciofs.info\/wp-content\/uploads\/2026\/09\/Bunader_J-101x150.png 101w\" sizes=\"(max-width: 110px) 100vw, 110px\" \/><\/a>Le Serviteur de Dieu rechercha constamment la saintet\u00e9 en vivant son quotidien avec int\u00e9grit\u00e9, simplicit\u00e9 et modestie. Des signes miraculeux l\u2019accompagn\u00e8rent tout au long de sa vie et m\u00eame apr\u00e8s sa mort. \u00c0 propos de la saintet\u00e9, il aimait dire\u00a0: \u00ab\u00a0La gloire revient \u00e0 Dieu seul, car Lui et Lui seul est l\u2019auteur de la grandeur de ses saints.\u00a0\u00bb<\/p>\n<p>Don Jos\u00e9 Jorge \u00e9tait un membre d\u00e9vou\u00e9 du Tiers-Ordre franciscain (Ordre franciscain s\u00e9culier) et un participant actif de l\u2019Action catholique argentine depuis sa fondation \u00e0 Mendoza. Au sein de ces institutions, il se distingua par sa profonde union avec le Seigneur, par la pratique exemplaire des vertus chr\u00e9tiennes, par sa profonde d\u00e9votion \u00e0 la Bienheureuse Vierge Marie et par son ob\u00e9issance filiale et r\u00e9v\u00e9rencieuse \u00e0 la hi\u00e9rarchie de l\u2019\u00c9glise. Sa vie resplendissait comme un lumineux t\u00e9moignage de foi et d\u2019engagement.<\/p>\n<p>Don Jos\u00e9 Jorge \u00e9tait \u00e9galement membre de l\u2019Archiconfr\u00e9rie du Saint-Sacrement, dont les membres assumaient le noble devoir de veiller devant l\u2019Eucharistie aux heures o\u00f9 personne d\u2019autre n\u2019\u00e9tait pr\u00e9sent, de jour comme de nuit. \u00c0 cette \u00e9poque, il \u00e9tait d\u2019usage d\u2019exposer le Saint-Sacrement \u00e0 l\u2019adoration perp\u00e9tuelle, en se relayant entre les \u00e9glises et les paroisses locales, afin que les fid\u00e8les puissent l\u2019adorer sans interruption, vingt-quatre heures sur vingt-quatre.<\/p>\n<p>Jos\u00e9 Jorge accomplissait cette garde d\u2019honneur avec une joie singuli\u00e8re, une ferveur profonde et une foi in\u00e9branlable. Ses amis et ses proches t\u00e9moignent que m\u00eame ceux qui ne croyaient pas \u00e9taient profond\u00e9ment touch\u00e9s par son t\u00e9moignage. Connaissant la puissance transformatrice de sa pr\u00e9sence, ils amenaient discr\u00e8tement les non-croyants \u00e0 l\u2019\u00e9glise \u00e0 l\u2019heure de son adoration, sans leur r\u00e9v\u00e9ler qui ils allaient rencontrer. Maintes fois, la vue de Jos\u00e9 Jorge absorb\u00e9 dans la pri\u00e8re \u2013 sa joie rayonnante et sa profonde r\u00e9v\u00e9rence \u2013 devenait un t\u00e9moignage vivant qui conduisait les c\u0153urs \u00e0 la foi en l\u2019Eucharistie.<\/p>\n<p>Ce don de la d\u00e9votion eucharistique \u00e9tait l\u2019une des nombreuses gr\u00e2ces que l\u2019Esprit Saint lui avait accord\u00e9es, lui permettant d\u2019accomplir avec fid\u00e9lit\u00e9 et amour sa mission de chr\u00e9tien dans le monde. Un autre des dons que l\u2019Esprit Saint avait accord\u00e9s \u00e0 Jos\u00e9 Jorge, afin qu\u2019il puisse accomplir sa mission de chr\u00e9tien dans ce monde \u2013 mission qu\u2019il mena pleinement \u00e0 bien, comme beaucoup en t\u00e9moignent \u2013 \u00e9tait la gr\u00e2ce d\u2019apporter paix et joie \u00e0 ceux qui l\u2019entouraient. M\u00eame des personnes souffrant d\u2019une profonde d\u00e9pression, au-del\u00e0 des possibilit\u00e9s de la science m\u00e9dicale, se sentaient \u00ab\u00a0ressuscit\u00e9es \u00e0 une nouvelle vie de paix et de joie\u00a0\u00bb apr\u00e8s seulement quelques minutes pass\u00e9es en sa pr\u00e9sence.<\/p>\n<p>Son esprit \u00e9tait toujours ouvert et accueillant\u00a0; il accueillait chaque prochain sans distinction de condition sociale, \u00e9conomique ou religieuse. Son don de l\u2019\u00e9coute, uni \u00e0 sa parfaite docilit\u00e9 \u00e0 l\u2019Esprit Saint, mettait sur ses l\u00e8vres les paroles justes, des paroles capables de gu\u00e9rir et de consoler.<\/p>\n<p>Parmi ceux qui t\u00e9moign\u00e8rent de ce don se trouvait le pr\u00eatre sal\u00e9sien Pascual Marchesotti, directeur de l\u2019\u00c9cole San Juan Bosco de Bah\u00eda Blanca et pr\u00e9dicateur de retraites spirituelles dans toute l\u2019Argentine. \u00c0 propos de Don Jos\u00e9 Jorge, il affirma\u00a0: \u00ab\u00a0C\u2019\u00e9tait un homme vraiment digne d\u2019\u00eatre un mod\u00e8le du vrai chr\u00e9tien\u00a0: extraordinaire dans la mani\u00e8re dont il vivait sa foi. Il apportait paix et tranquillit\u00e9 \u00e0 ceux qui s\u2019adressaient \u00e0 lui pour recevoir ses conseils.\u00a0\u00bb<\/p>\n<p>Bunader mourut \u00e0 Mendoza le 11 septembre 1952. En 1999, sa fille Maria Regina publia sa biographie. Alors que sa r\u00e9putation de saintet\u00e9 continuait de grandir, l\u2019enqu\u00eate dioc\u00e9saine sur la vie et les vertus de Bunader commen\u00e7a le 17 octobre 2002. Le 1er f\u00e9vrier 2003, la Congr\u00e9gation pour les Causes des Saints accorda \u00e0 l\u2019\u00c9parchie maronite de Saint-Charbel \u00e0 Buenos Aires l\u2019autorisation d\u2019engager la cause de b\u00e9atification.<\/p>\n<p style=\"font-weight: 400;\"><em>Sources\u00a0:<\/em><\/p>\n<ol>\n<li><a href=\"https:\/\/calendariofrancescanosecolare.blogspot.com\/2020\/04\/servo-di-dio-giuseppe-giorgio-bunader.html\">https:\/\/calendariofrancescanosecolare.blogspot.com\/2020\/04\/servo-di-dio-giuseppe-giorgio-bunader.html<\/a><\/li>\n<li><a href=\"https:\/\/drive.google.com\/file\/d\/1FXr2zx9z1fDemvPmwy8h8ZuZ7DuIAd5P\/view?fbclid=IwY2xjawTr4iVwZG9mAWV4dG4DYWVtAjExAGJyaWQRMVZlVFdHajJVSFdENWRJb3BzcnRjBmFwcF9pZBAyMjIwMzkxNzg4MjAwODkyAAEeYodFwy_JTagVfZZlF4EC-nKO2OcmADl8yqGJRquhOcM81rHQu2H7kSecMpQ_aem_pc5Mmf-StERVNsYq5Mdl_g\">https:\/\/drive.google.com\/file\/d\/1FXr2zx9z1fDemvPmwy8h8ZuZ7DuIAd5P\/view?fbclid=IwY2xjawTr4iVwZG9mAWV4dG4DYWVtAjExAGJyaWQRMVZlVFdHajJVSFdENWRJb3BzcnRjBmFwcF9pZBAyMjIwMzkxNzg4MjAwODkyAAEeYodFwy_JTagVfZZlF4EC-nKO2OcmADl8yqGJRquhOcM81rHQu2H7kSecMpQ_aem_pc5Mmf-StERVNsYq5Mdl_g<\/a><\/li>\n<\/ol>\n<p style=\"font-weight: 400;\">\n","protected":false},"excerpt":{"rendered":"<p>Jos\u00e9 Jorge Bunader est n\u00e9 le 15 janvier 1889 \u00e0 El Metn (Jabal Lubna, Liban). Apr\u00e8s s\u2019\u00eatre install\u00e9 en Argentine, il y demeura jusqu\u2019\u00e0 la fin de sa vie. C\u2019\u00e9tait un la\u00efc catholique de rite maronite. Mari\u00e9 et p\u00e8re d\u2019une famille nombreuse, il prenait soin des siens avec une attention et un d\u00e9vouement admirables. Sa [&hellip;]<\/p>\n","protected":false},"author":1,"featured_media":7947,"comment_status":"closed","ping_status":"open","sticky":false,"template":"","format":"standard","meta":{"site-sidebar-layout":"default","site-content-layout":"","ast-site-content-layout":"default","site-content-style":"default","site-sidebar-style":"default","ast-global-header-display":"","ast-banner-title-visibility":"","ast-main-header-display":"","ast-hfb-above-header-display":"","ast-hfb-below-header-display":"","ast-hfb-mobile-header-display":"","site-post-title":"","ast-breadcrumbs-content":"","ast-featured-img":"disabled","footer-sml-layout":"","ast-disable-related-posts":"","theme-transparent-header-meta":"default","adv-header-id-meta":"","stick-header-meta":"","header-above-stick-meta":"","header-main-stick-meta":"","header-below-stick-meta":"","astra-migrate-meta-layouts":"set","ast-page-background-enabled":"default","ast-page-background-meta":{"desktop":{"background-color":"","background-image":"","background-repeat":"repeat","background-position":"center center","background-size":"auto","background-attachment":"scroll","background-type":"","background-media":"","overlay-type":"","overlay-color":"","overlay-opacity":"","overlay-gradient":""},"tablet":{"background-color":"","background-image":"","background-repeat":"repeat","background-position":"center center","background-size":"auto","background-attachment":"scroll","background-type":"","background-media":"","overlay-type":"","overlay-color":"","overlay-opacity":"","overlay-gradient":""},"mobile":{"background-color":"","background-image":"","background-repeat":"repeat","background-position":"center center","background-size":"auto","background-attachment":"scroll","background-type":"","background-media":"","overlay-type":"","overlay-color":"","overlay-opacity":"","overlay-gradient":""}},"ast-content-background-meta":{"desktop":{"background-color":"var(--ast-global-color-5)","background-image":"","background-repeat":"repeat","background-position":"center center","background-size":"auto","background-attachment":"scroll","background-type":"","background-media":"","overlay-type":"","overlay-color":"","overlay-opacity":"","overlay-gradient":""},"tablet":{"background-color":"var(--ast-global-color-5)","background-image":"","background-repeat":"repeat","background-position":"center center","background-size":"auto","background-attachment":"scroll","background-type":"","background-media":"","overlay-type":"","overlay-color":"","overlay-opacity":"","overlay-gradient":""},"mobile":{"background-color":"var(--ast-global-color-5)","background-image":"","background-repeat":"repeat","background-position":"center center","background-size":"auto","background-attachment":"scroll","background-type":"","background-media":"","overlay-type":"","overlay-color":"","overlay-opacity":"","overlay-gradient":""}},"footnotes":""},"categories":[2,12,66],"tags":[],"class_list":["post-7945","post","type-post","status-publish","format-standard","has-post-thumbnail","hentry","category-main-page","category-news","category-saint-of-month"],"translation":{"provider":"WPGlobus","version":"3.0.5","language":"fr","enabled_languages":["en","it","es","fr"],"languages":{"en":{"title":true,"content":true,"excerpt":false},"it":{"title":true,"content":true,"excerpt":false},"es":{"title":true,"content":true,"excerpt":false},"fr":{"title":true,"content":true,"excerpt":false}}},"rttpg_featured_image_url":{"full":["https:\/\/ciofs.info\/wp-content\/uploads\/2026\/09\/1Jose-Jorge-Bunader-_jpg.jpg",330,327,false],"landscape":["https:\/\/ciofs.info\/wp-content\/uploads\/2026\/09\/1Jose-Jorge-Bunader-_jpg.jpg",330,327,false],"portraits":["https:\/\/ciofs.info\/wp-content\/uploads\/2026\/09\/1Jose-Jorge-Bunader-_jpg.jpg",330,327,false],"thumbnail":["https:\/\/ciofs.info\/wp-content\/uploads\/2026\/09\/1Jose-Jorge-Bunader-_jpg-150x150.jpg",150,150,true],"medium":["https:\/\/ciofs.info\/wp-content\/uploads\/2026\/09\/1Jose-Jorge-Bunader-_jpg-300x297.jpg",300,297,true],"large":["https:\/\/ciofs.info\/wp-content\/uploads\/2026\/09\/1Jose-Jorge-Bunader-_jpg.jpg",330,327,false],"1536x1536":["https:\/\/ciofs.info\/wp-content\/uploads\/2026\/09\/1Jose-Jorge-Bunader-_jpg.jpg",330,327,false],"2048x2048":["https:\/\/ciofs.info\/wp-content\/uploads\/2026\/09\/1Jose-Jorge-Bunader-_jpg.jpg",330,327,false],"alm-thumbnail":["https:\/\/ciofs.info\/wp-content\/uploads\/2026\/09\/1Jose-Jorge-Bunader-_jpg-150x150.jpg",150,150,true]},"rttpg_author":{"display_name":"robert","author_link":"https:\/\/ciofs.info\/fr\/author\/robert\/"},"rttpg_comment":0,"rttpg_category":"<a href=\"https:\/\/ciofs.info\/fr\/category\/main-page\/\" rel=\"category tag\">Main Page<\/a> <a href=\"https:\/\/ciofs.info\/fr\/category\/news\/\" rel=\"category tag\">News<\/a> <a href=\"https:\/\/ciofs.info\/fr\/category\/projects\/saint-of-month\/\" rel=\"category tag\">Saint of Month<\/a>","rttpg_excerpt":"Jos\u00e9 Jorge Bunader est n\u00e9 le 15 janvier 1889 \u00e0 El Metn (Jabal Lubna, Liban). Apr\u00e8s s\u2019\u00eatre install\u00e9 en Argentine, il y demeura jusqu\u2019\u00e0 la fin de sa vie. C\u2019\u00e9tait un la\u00efc catholique de rite maronite. Mari\u00e9 et p\u00e8re d\u2019une famille nombreuse, il prenait soin des siens avec une attention et un d\u00e9vouement admirables. Sa&hellip;","_links":{"self":[{"href":"https:\/\/ciofs.info\/fr\/wp-json\/wp\/v2\/posts\/7945","targetHints":{"allow":["GET"]}}],"collection":[{"href":"https:\/\/ciofs.info\/fr\/wp-json\/wp\/v2\/posts"}],"about":[{"href":"https:\/\/ciofs.info\/fr\/wp-json\/wp\/v2\/types\/post"}],"author":[{"embeddable":true,"href":"https:\/\/ciofs.info\/fr\/wp-json\/wp\/v2\/users\/1"}],"replies":[{"embeddable":true,"href":"https:\/\/ciofs.info\/fr\/wp-json\/wp\/v2\/comments?post=7945"}],"version-history":[{"count":8,"href":"https:\/\/ciofs.info\/fr\/wp-json\/wp\/v2\/posts\/7945\/revisions"}],"predecessor-version":[{"id":7955,"href":"https:\/\/ciofs.info\/fr\/wp-json\/wp\/v2\/posts\/7945\/revisions\/7955"}],"wp:featuredmedia":[{"embeddable":true,"href":"https:\/\/ciofs.info\/fr\/wp-json\/wp\/v2\/media\/7947"}],"wp:attachment":[{"href":"https:\/\/ciofs.info\/fr\/wp-json\/wp\/v2\/media?parent=7945"}],"wp:term":[{"taxonomy":"category","embeddable":true,"href":"https:\/\/ciofs.info\/fr\/wp-json\/wp\/v2\/categories?post=7945"},{"taxonomy":"post_tag","embeddable":true,"href":"https:\/\/ciofs.info\/fr\/wp-json\/wp\/v2\/tags?post=7945"}],"curies":[{"name":"wp","href":"https:\/\/api.w.org\/{rel}","templated":true}]}}