{"id":3596,"date":"2021-06-14T16:34:14","date_gmt":"2021-06-14T16:34:14","guid":{"rendered":"https:\/\/ciofs.info\/?p=3596"},"modified":"2021-06-14T16:34:14","modified_gmt":"2021-06-14T16:34:14","slug":"la-famille-de-jesus-un-chemin-a-suivre","status":"publish","type":"post","link":"https:\/\/ciofs.info\/fr\/2021\/06\/14\/la-famille-de-jesus-un-chemin-a-suivre\/","title":{"rendered":"La famille de J\u00e9sus, un chemin \u00e0 suivre"},"content":{"rendered":"<p>Chers fr\u00e8res et soeurs,<br \/>\nDans ce petit espace de r\u00e9flexion, nous voulons continuer \u00e0 r\u00e9fl\u00e9chir sur la r\u00e9alit\u00e9 de nos familles. Chaque famille doit faire face \u00e0 de nombreuses r\u00e9alit\u00e9s \u00e0 chaque \u00e9tape de la vie de ses membres. Pour cela, nous prenons comme point d\u2019analyse ce que l\u2019Eglise nous enseigne aujourd\u2019hui \u00e0 travers la r\u00e9flexion du Pape Fran\u00e7ois. Il est \u00e0 noter que nous n\u2019aborderons pas ici tous les d\u00e9fis de la famille actuelle, mais nous nous arr\u00eaterons au moins pour la contempler sous certains aspects \u00e0 partir du v\u00e9cu de la Famille de Nazareth. En cette ann\u00e9e si sp\u00e9ciale d\u00e9di\u00e9e \u00e0 saint Joseph, nous voulons<br \/>\npartager la tendresse et l\u2019amour de la Famille de Nazareth.<\/p>\n<p>&nbsp;<\/p>\n<p><strong><img decoding=\"async\" class=\"alignleft  wp-image-2598\" src=\"https:\/\/ciofs.info\/wp-content\/uploads\/2020\/06\/Family-Commission.jpg\" alt=\"\" width=\"130\" height=\"143\" \/>Ordo Franciscanus Saecularis<\/strong><br \/>\n<strong>Consilium Internationale<\/strong><br \/>\n<strong>COMMISSION FAMILLE<\/strong><br \/>\n<strong>Fr. Hern\u00e1n Eguzquiza, TOR<\/strong><br \/>\n<strong>Traduction : Mich\u00e8le Altmeyer OFS<\/strong><\/p>\n<p style=\"text-align: center;\">\n<strong>La famille de J\u00e9sus, un chemin \u00e0 suivre<\/strong><\/p>\n<p style=\"text-align: right;\"><a href=\"https:\/\/ciofs.info\/wp-content\/uploads\/2021\/06\/FR-La-famille-de-J\u00e9sus-Avril-2021.pdf\">PDF<\/a><\/p>\n<p>Chers fr\u00e8res et soeurs,<br \/>\nDans ce petit espace de r\u00e9flexion, nous voulons continuer \u00e0 r\u00e9fl\u00e9chir sur la r\u00e9alit\u00e9 de nos familles. Chaque famille doit faire face \u00e0 de nombreuses r\u00e9alit\u00e9s \u00e0 chaque \u00e9tape de la vie de ses membres. Pour cela, nous prenons comme point d\u2019analyse ce que l\u2019Eglise nous enseigne aujourd\u2019hui \u00e0 travers la r\u00e9flexion du Pape Fran\u00e7ois. Il est \u00e0 noter que nous n\u2019aborderons pas ici tous les d\u00e9fis de la famille actuelle, mais nous nous arr\u00eaterons au moins pour la contempler sous certains aspects \u00e0 partir du v\u00e9cu de la Famille de Nazareth. En cette ann\u00e9e si sp\u00e9ciale d\u00e9di\u00e9e \u00e0 saint Joseph, nous voulons<br \/>\npartager la tendresse et l\u2019amour de la Famille de Nazareth.<\/p>\n<p><strong>Voir<\/strong><\/p>\n<p>Au cours des cinquante derni\u00e8res ann\u00e9es, la famille a subi une transformation radicale.<br \/>\nDans de nombreux endroits, un grand nombre de mariages se terminent par un divorce. L&#8217;union libre est de plus en plus courante et de plus en plus d&#8217;enfants naissent de couples non mari\u00e9s. L&#8217;adoption et la parentalit\u00e9 par des couples de m\u00eame sexe deviennent de plus en plus normales.<\/p>\n<p>\u2022 Face \u00e0 cette r\u00e9alit\u00e9 comme point de d\u00e9part, nous pouvons \u00e9changer en Fraternit\u00e9.<br \/>\n1. Quels facteurs d\u00e9clenchent ces changements dans la structure familiale ?<br \/>\n2. Comment la communication se fait-elle dans nos familles ? Qu\u2019est-ce que nous communiquons ?<\/p>\n<p><strong>Juger<\/strong><\/p>\n<p>Avec notre vision chr\u00e9tienne du monde, nous sommes appel\u00e9s \u00e0 regarder cette situation avec s\u00e9r\u00e9nit\u00e9 et \u00e0 travailler pour la vitalit\u00e9 de nos familles. Des probl\u00e8mes, des difficult\u00e9s, des temps de crise peuvent nous arriver, mais notre foi et nos valeurs nous invitent \u00e0 regarder au-del\u00e0. Nous partageons la r\u00e9flexion du Pape Fran\u00e7ois, qui nous propose la Famille de Nazareth comme le mod\u00e8le vers lequel nous sommes appel\u00e9s \u00e0 tendre et \u00e0 toujours revenir. Le Pape nous dit :<br \/>\n\u00ab La liturgie nous invite \u00e0 fixer notre regard sur la Sainte Famille de J\u00e9sus, Marie et Joseph. Il est <img fetchpriority=\"high\" decoding=\"async\" class=\"size-full wp-image-3599 alignright\" src=\"https:\/\/ciofs.info\/wp-content\/uploads\/2021\/06\/JesusFamily.jpg\" alt=\"\" width=\"286\" height=\"232\" \/> beau de r\u00e9fl\u00e9chir sur le fait que le Fils de Dieu ait voulu avoir besoin, comme tous les enfants, de la chaleur d\u2019une<br \/>\nfamille. C\u2019est pr\u00e9cis\u00e9ment pour cette raison, parce qu&#8217;elle est la famille de J\u00e9sus, que celle de Nazareth est la famille-mod\u00e8le, dans laquelle toutes les familles du monde peuvent trouver leur point de r\u00e9f\u00e9rence s\u00fbr et une inspiration s\u00fbre. Le printemps de la vie humaine du Fils de Dieu a germ\u00e9 \u00e0 Nazareth, au moment o\u00f9 il a \u00e9t\u00e9 con\u00e7u par l\u2019\u0153uvre de l\u2019Esprit Saint dans le sein virginal de Marie. Entre les murs hospitaliers de la maison de Nazareth, l\u2019enfance de J\u00e9sus s\u2019est d\u00e9roul\u00e9e dans la joie, entour\u00e9e de la sollicitude paternelle de Marie et du soin de Joseph, dans lequel J\u00e9sus a pu voir la<br \/>\ntendresse de Dieu. (cf. Lettre apostolique Patris corde, n. 2). \u00bb (Ang\u00e9lus du Pape Fran\u00e7ois, f\u00eate de la Sainte Famille, 27 d\u00e9cembre 2020)<\/p>\n<p>* Pour cette section du jugement, nous pouvons nous r\u00e9partir en trois groupes. Chaque groupe partage sur un des points, puis le partage en pl\u00e9ni\u00e8re.<\/p>\n<p>a. Une fois que chaque groupe a lu son point, nous nous r\u00e9unissons en pl\u00e9ni\u00e8re et nous exposons aux autres ce que le Pape propose.<\/p>\n<p>b. Dans un deuxi\u00e8me temps, nous pr\u00e9sentons le fruit de la r\u00e9flexion du groupe sur le sujet<\/p>\n<p><strong>Premier point<\/strong><\/p>\n<p>\u00ab A l\u2019imitation de la Sainte Famille, nous sommes appel\u00e9s \u00e0 red\u00e9couvrir la valeur \u00e9ducative de la cellule familiale : celle-ci doit \u00eatre fond\u00e9e sur l\u2019amour qui r\u00e9g\u00e9n\u00e8re toujours les relations, en ouvrant des horizons d\u2019esp\u00e9rance. En famille, on peut faire l\u2019exp\u00e9rience d\u2019une communion sinc\u00e8re quand elle est une maison de pri\u00e8re, lorsque les liens d&#8217;affection sont s\u00e9rieux, profonds et purs, lorsque le pardon l\u2019emporte sur les discordes, lorsque la duret\u00e9 quotidienne de la vie est adoucie par une tendresse mutuelle et par une adh\u00e9sion sereine \u00e0 la volont\u00e9 de Dieu. De cette mani\u00e8re, la famille<br \/>\ns\u2019ouvre \u00e0 la joie que Dieu donne \u00e0 tous ceux qui savent donner avec joie. Dans le m\u00eame temps, elle trouve l\u2019\u00e9nergie spirituelle pour s\u2019ouvrir \u00e0 l\u2019ext\u00e9rieur, aux autres, au service de ses fr\u00e8res, \u00e0 la collaboration pour la construction d\u2019un monde toujours nouveau et meilleur; et donc capable de se faire porteuse de stimuli positifs; la famille \u00e9vang\u00e9lise \u00e0 travers l\u2019exemple de sa vie.<\/p>\n<p>C\u2019est vrai, dans chaque famille, il y a des probl\u00e8mes, et parfois aussi on se dispute : \u00ab P\u00e8re, je me suis disput\u00e9&#8230;\u00bb \u2014 nous sommes humains, nous sommes faibles, et nous nous sommes tous quelquefois<br \/>\ndisput\u00e9s en famille. Je vais vous dire une chose: si on se dispute en famille, que la journ\u00e9e ne finisse pas sans qu\u2019on ait fait la paix. \u00ab Oui, je me suis disput\u00e9 \u00bb, mais avant de finir la journ\u00e9e, fais la paix. Et tu sais pourquoi ? Parce que la guerre froide du lendemain est tr\u00e8s dangereuse. Elle n\u2019aide pas. Et puis en famille, il y a trois mots, trois mots qu&#8217;il faut toujours garder : \u00ab Est-ce que je peux ? Merci. Excuse-moi \u00bb.<br \/>\n\u00ab Est-ce que je peux ? \u00bb, pour ne pas \u00eatre envahissant dans la vie des autres. \u00ab Est-ce que je peux faire ceci ? Il te semble que je peux faire cela ? \u00bb. \u00ab S\u2019il te pla\u00eet \u00bb. N\u2019\u00eatre jamais envahissant. \u00ab Est-ce que je peux ? \u00bb, le premier mot.<br \/>\n\u00ab Merci ! \u00bb: pour les nombreuses aides, les nombreux services qu\u2019on se rend en famille. Toujours remercier. La gratitude, c\u2019est le sang de l\u2019\u00e2me noble. \u00ab Merci ! \u00bb.<br \/>\nEt ensuite, le plus difficile \u00e0 dire : \u00ab Excuse-moi ! \u00bb. Parce qu\u2019il nous arrive toujours de faire de mauvaises choses et parfois certains se sentent offens\u00e9s pour cela.<br \/>\n\u00ab Excuse-moi ! \u00bb, \u00ab Excuse-moi ! \u00bb.<br \/>\nN\u2019oubliez pas les trois mots: \u00ab Est-ce que je peux ? Merci ! Excuse-moi !\u00bb. Si dans une famille, dans l\u2019environnement familial, il y a ces trois mots, la famille se porte bien. \u00bb (Ang\u00e9lus du Pape Fran\u00e7ois, f\u00eate de la Sainte Famille, 27 d\u00e9cembre 2020).<\/p>\n<p><strong>Deuxi\u00e8me point<\/strong><\/p>\n<p>\u00ab Joseph a vu J\u00e9sus grandir jour apr\u00e8s jour \u00ab en sagesse, en taille et en gr\u00e2ce, devant Dieu<br \/>\net devant les hommes \u00bb (Lc 2, 52). Tout comme le Seigneur avait fait avec Isra\u00ebl, &#8220;il lui a appris \u00e0<br \/>\nmarcher, en le tenant par la main : il \u00e9tait pour lui comme un p\u00e8re qui soul\u00e8ve un nourrisson<br \/>\ntout contre sa joue, il se penchait vers lui pour lui donner \u00e0 manger&#8221; (cf. Os 11, 3-4).<br \/>\nJ\u00e9sus a vu en Joseph la tendresse de Dieu:<br \/>\n\u00ab Comme la tendresse du p\u00e8re pour ses fils, la tendresse du Seigneur pour qui le craint \u00bb<br \/>\n(Ps 103, 13).<br \/>\nL\u2019histoire du salut s\u2019accomplit en \u00ab esp\u00e9rant contre toute esp\u00e9rance \u00bb (Rm 4, 18), \u00e0 travers nos faiblesses. Nous pensons trop souvent que Dieu ne s\u2019appuie que sur notre c\u00f4t\u00e9 bon et gagnant, alors qu\u2019en r\u00e9alit\u00e9 la plus grande partie de ses desseins se r\u00e9alise \u00e0 travers et en d\u00e9pit de notre faiblesse. [\u2026]\n<p>Si telle est la perspective de l\u2019\u00e9conomie du salut, alors nous devons apprendre \u00e0 accueillir notre faiblesse avec une profonde tendresse.<br \/>\nLe Malin nous pousse \u00e0 regarder notre fragilit\u00e9 avec un jugement n\u00e9gatif. Au contraire, l\u2019Esprit la met\u00a0 <img decoding=\"async\" class=\"size-full wp-image-3602 alignright\" src=\"https:\/\/ciofs.info\/wp-content\/uploads\/2021\/06\/Joseph.jpg\" alt=\"\" width=\"268\" height=\"269\" srcset=\"https:\/\/ciofs.info\/wp-content\/uploads\/2021\/06\/Joseph.jpg 268w, https:\/\/ciofs.info\/wp-content\/uploads\/2021\/06\/Joseph-150x150.jpg 150w\" sizes=\"(max-width: 268px) 100vw, 268px\" \/>en lumi\u00e8re avec tendresse. La tendresse est la meilleure mani\u00e8re de toucher ce qui est fragile en nous. Le fait de montrer du doigt, et le jugement que nous utilisons \u00e0 l\u2019encontre des autres sont souvent un signe de l\u2019incapacit\u00e9 \u00e0 accueillir en nous notre propre faiblesse, notre propre fragilit\u00e9. Seule la tendresse nous sauvera de l\u2019\u0153uvre de l\u2019Accusateur (cf. Ap 12, 10).<\/p>\n<p>C\u2019est pourquoi il est important de rencontrer la Mis\u00e9ricorde de Dieu, notamment dans le Sacrement de la R\u00e9conciliation, en faisant une exp\u00e9rience de v\u00e9rit\u00e9 et de tendresse. Paradoxalement, le Malin aussi peut nous dire la v\u00e9rit\u00e9. Mais s\u2019il le fait, c\u2019est pour nous condamner. Nous savons cependant que la V\u00e9rit\u00e9 qui vient de Dieu ne nous condamne pas, mais qu\u2019elle nous accueille, nous embrasse, nous soutient, nous pardonne. La V\u00e9rit\u00e9 se pr\u00e9sente toujours \u00e0 nous comme le P\u00e8re mis\u00e9ricordieux de la parabole (cf. Lc 15, 11-32) : elle vient \u00e0 notre rencontre, nous redonne la dignit\u00e9, nous remet debout, fait la f\u00eate pour nous parce que \u00ab mon fils que voil\u00e0 \u00e9tait mort, et il est revenu \u00e0 la vie ; il \u00e9tait perdu,<br \/>\net il est retrouv\u00e9 \u00bb (v. 24). (Lettre Apostolique Patris Corde du Pape Fran\u00e7ois)<\/p>\n<p><strong>Troisi\u00e8me point<\/strong><\/p>\n<p>\u00ab L\u2019\u00c9vangile d\u2019aujourd\u2019hui invite les familles \u00e0 saisir la lumi\u00e8re d\u2019esp\u00e9rance provenant de la maison de Nazareth, dans laquelle s\u2019est d\u00e9roul\u00e9e dans la joie l\u2019enfance de J\u00e9sus, qui \u2014 dit saint Luc \u2014 \u00ab croissait en sagesse, en taille et en gr\u00e2ce devant Dieu et devant les hommes \u00bb (Lc 2, 52). Le noyau familial de J\u00e9sus, Marie et Joseph est pour chaque croyant, et en particulier pour les familles, une authentique \u00e9cole d\u2019\u00c9vangile.<br \/>\nL\u00e0, nous admirons l\u2019accomplissement du dessein divin de faire de la famille une communaut\u00e9 sp\u00e9ciale de vie et d\u2019amour. L\u00e0, nous apprenons que chaque noyau familial chr\u00e9tien est appel\u00e9 \u00e0 \u00eatre une \u00ab \u00e9glise domestique \u00bb, pour faire resplendir les vertus \u00e9vang\u00e9liques et devenir un ferment de bien dans la soci\u00e9t\u00e9. Les caract\u00e9ristiques typiques de la Sainte Famille sont : recueillement et pri\u00e8re, compr\u00e9hension mutuelle et respect r\u00e9ciproque, esprit de sacrifice, travail et solidarit\u00e9.<\/p>\n<p>De l\u2019exemple et du t\u00e9moignage de la Sainte Famille, chaque famille peut tirer des indications pr\u00e9cieuses pour son style et son choix de vie, et elle peut y puiser la force et la sagesse pour le chemin de chaque jour. La Vierge et saint Joseph enseignent \u00e0 accueillir les enfants comme un don de Dieu, \u00e0 les engendrer et les \u00e9duquer en coop\u00e9rant de mani\u00e8re merveilleuse \u00e0 l\u2019\u0153uvre du Cr\u00e9ateur et en donnant au monde, en chaque enfant, un nouveau sourire. C\u2019est dans une famille unie que les enfants portent \u00e0 maturation leur existence, en vivant l\u2019exp\u00e9rience significative et concr\u00e8te de l\u2019amour<br \/>\ngratuit, de la tendresse, du respect r\u00e9ciproque, de la compr\u00e9hension mutuelle, du pardon et de la joie.<br \/>\nJe voudrais surtout m\u2019arr\u00eater sur la joie. La joie v\u00e9ritable dont on fait l\u2019exp\u00e9rience dans la famille n\u2019est pas une chose due \u00e0 un hasard ou fortuite.<\/p>\n<p>C\u2019est une joie fruit de l\u2019harmonie profonde entre les personnes, qui fait go\u00fbter la beaut\u00e9 d\u2019\u00eatre ensemble, de se soutenir mutuellement sur le chemin de la vie. Mais \u00e0 la base de la joie, il y a toujours la pr\u00e9sence de Dieu, son amour accueillant, mis\u00e9ricordieux et patient envers tous. Si l\u2019on n\u2019ouvre pas la porte de la famille \u00e0 la pr\u00e9sence de Dieu et \u00e0 son amour, la famille perd son harmonie, les individualismes pr\u00e9valent, et la joie s\u2019\u00e9teint. En revanche, la famille qui vit la joie, la joie de la vie, la joie de la foi, la communique spontan\u00e9ment, elle est le sel de la terre et la lumi\u00e8re du monde, elle est levain pour toute la soci\u00e9t\u00e9.<\/p>\n<p>Que J\u00e9sus, Marie et Joseph b\u00e9nissent et prot\u00e8gent toutes les familles du monde, pour qu\u2019en elles r\u00e8gnent la s\u00e9r\u00e9nit\u00e9 et la joie, la justice et la paix, que le Christ en naissant a apport\u00e9es comme don \u00e0 l\u2019humanit\u00e9. \u00bb (Ang\u00e9lus du Pape Fran\u00e7ois, f\u00eate de la Sainte Famille, 27 d\u00e9cembre 2015).<\/p>\n<p><strong>Agir<\/strong><\/p>\n<p>* Une fois l&#8217;exposition des groupes termin\u00e9e, nous partageons<\/p>\n<p>a. Quelles r\u00e9sonances restent, de ce que nous avons partag\u00e9 jusqu&#8217;\u00e0 pr\u00e9sent ?<br \/>\nb. Quelles valeurs le Pape Fran\u00e7ois nous invite-t-il \u00e0 incorporer et \u00e0 continuer \u00e0 travailler dans nos familles ?<br \/>\nc. Que pourrions-nous faire en tant que Fraternit\u00e9 pour soutenir et accompagner les familles de notre entourage ?<\/p>\n<p style=\"text-align: center;\"><strong>PRI\u00c8RE \u00c0 SAINT JOSEPH<\/strong><\/p>\n<p style=\"text-align: center;\">\nSalut, gardien du R\u00e9dempteur,<br \/>\n\u00e9poux de la Vierge Marie.<br \/>\n\u00c0 toi Dieu a confi\u00e9 son Fils ;<br \/>\nen toi Marie a remis sa confiance ;<br \/>\navec toi le Christ est devenu homme.<br \/>\nO bienheureux Joseph,<br \/>\nmontre-toi aussi un p\u00e8re pour nous,<br \/>\net conduis-nous sur le chemin de la vie.<br \/>\nObtiens-nous gr\u00e2ce, mis\u00e9ricorde et courage,<br \/>\net d\u00e9fends-nous de tout mal.<br \/>\nAmen.<br \/>\nAvril 2021<\/p>\n","protected":false},"excerpt":{"rendered":"<p>Chers fr\u00e8res et soeurs, Dans ce petit espace de r\u00e9flexion, nous voulons continuer \u00e0 r\u00e9fl\u00e9chir sur la r\u00e9alit\u00e9 de nos familles. Chaque famille doit faire face \u00e0 de nombreuses r\u00e9alit\u00e9s \u00e0 chaque \u00e9tape de la vie de ses membres. Pour cela, nous prenons comme point d\u2019analyse ce que l\u2019Eglise nous enseigne aujourd\u2019hui \u00e0 travers la [&hellip;]<\/p>\n","protected":false},"author":9,"featured_media":3599,"comment_status":"closed","ping_status":"open","sticky":false,"template":"","format":"standard","meta":{"site-sidebar-layout":"default","site-content-layout":"default","ast-site-content-layout":"default","site-content-style":"default","site-sidebar-style":"default","ast-global-header-display":"","ast-banner-title-visibility":"","ast-main-header-display":"","ast-hfb-above-header-display":"","ast-hfb-below-header-display":"","ast-hfb-mobile-header-display":"","site-post-title":"","ast-breadcrumbs-content":"","ast-featured-img":"","footer-sml-layout":"","ast-disable-related-posts":"","theme-transparent-header-meta":"default","adv-header-id-meta":"","stick-header-meta":"","header-above-stick-meta":"","header-main-stick-meta":"","header-below-stick-meta":"","astra-migrate-meta-layouts":"default","ast-page-background-enabled":"default","ast-page-background-meta":{"desktop":{"background-color":"","background-image":"","background-repeat":"repeat","background-position":"center center","background-size":"auto","background-attachment":"scroll","background-type":"","background-media":"","overlay-type":"","overlay-color":"","overlay-opacity":"","overlay-gradient":""},"tablet":{"background-color":"","background-image":"","background-repeat":"repeat","background-position":"center center","background-size":"auto","background-attachment":"scroll","background-type":"","background-media":"","overlay-type":"","overlay-color":"","overlay-opacity":"","overlay-gradient":""},"mobile":{"background-color":"","background-image":"","background-repeat":"repeat","background-position":"center center","background-size":"auto","background-attachment":"scroll","background-type":"","background-media":"","overlay-type":"","overlay-color":"","overlay-opacity":"","overlay-gradient":""}},"ast-content-background-meta":{"desktop":{"background-color":"var(--ast-global-color-5)","background-image":"","background-repeat":"repeat","background-position":"center center","background-size":"auto","background-attachment":"scroll","background-type":"","background-media":"","overlay-type":"","overlay-color":"","overlay-opacity":"","overlay-gradient":""},"tablet":{"background-color":"var(--ast-global-color-5)","background-image":"","background-repeat":"repeat","background-position":"center center","background-size":"auto","background-attachment":"scroll","background-type":"","background-media":"","overlay-type":"","overlay-color":"","overlay-opacity":"","overlay-gradient":""},"mobile":{"background-color":"var(--ast-global-color-5)","background-image":"","background-repeat":"repeat","background-position":"center center","background-size":"auto","background-attachment":"scroll","background-type":"","background-media":"","overlay-type":"","overlay-color":"","overlay-opacity":"","overlay-gradient":""}},"footnotes":""},"categories":[8,2,12,7],"tags":[],"class_list":["post-3596","post","type-post","status-publish","format-standard","has-post-thumbnail","hentry","category-family","category-main-page","category-news","category-offices"],"translation":{"provider":"WPGlobus","version":"3.0.2","language":"fr","enabled_languages":["en","it","es","fr"],"languages":{"en":{"title":true,"content":true,"excerpt":false},"it":{"title":true,"content":true,"excerpt":false},"es":{"title":true,"content":true,"excerpt":false},"fr":{"title":true,"content":true,"excerpt":false}}},"rttpg_featured_image_url":{"full":["https:\/\/ciofs.info\/wp-content\/uploads\/2021\/06\/JesusFamily.jpg",286,232,false],"landscape":["https:\/\/ciofs.info\/wp-content\/uploads\/2021\/06\/JesusFamily.jpg",286,232,false],"portraits":["https:\/\/ciofs.info\/wp-content\/uploads\/2021\/06\/JesusFamily.jpg",286,232,false],"thumbnail":["https:\/\/ciofs.info\/wp-content\/uploads\/2021\/06\/JesusFamily-150x150.jpg",150,150,true],"medium":["https:\/\/ciofs.info\/wp-content\/uploads\/2021\/06\/JesusFamily.jpg",286,232,false],"large":["https:\/\/ciofs.info\/wp-content\/uploads\/2021\/06\/JesusFamily.jpg",286,232,false],"1536x1536":["https:\/\/ciofs.info\/wp-content\/uploads\/2021\/06\/JesusFamily.jpg",286,232,false],"2048x2048":["https:\/\/ciofs.info\/wp-content\/uploads\/2021\/06\/JesusFamily.jpg",286,232,false],"alm-thumbnail":["https:\/\/ciofs.info\/wp-content\/uploads\/2021\/06\/JesusFamily.jpg",150,122,false]},"rttpg_author":{"display_name":"Elena","author_link":"https:\/\/ciofs.info\/fr\/author\/elena\/"},"rttpg_comment":0,"rttpg_category":"<a href=\"https:\/\/ciofs.info\/fr\/category\/offices\/family\/\" rel=\"category tag\">Family<\/a> <a href=\"https:\/\/ciofs.info\/fr\/category\/main-page\/\" rel=\"category tag\">Main Page<\/a> <a href=\"https:\/\/ciofs.info\/fr\/category\/news\/\" rel=\"category tag\">News<\/a> <a href=\"https:\/\/ciofs.info\/fr\/category\/offices\/\" rel=\"category tag\">Offices<\/a>","rttpg_excerpt":"Chers fr\u00e8res et soeurs, Dans ce petit espace de r\u00e9flexion, nous voulons continuer \u00e0 r\u00e9fl\u00e9chir sur la r\u00e9alit\u00e9 de nos familles. Chaque famille doit faire face \u00e0 de nombreuses r\u00e9alit\u00e9s \u00e0 chaque \u00e9tape de la vie de ses membres. Pour cela, nous prenons comme point d\u2019analyse ce que l\u2019Eglise nous enseigne aujourd\u2019hui \u00e0 travers la&hellip;","_links":{"self":[{"href":"https:\/\/ciofs.info\/fr\/wp-json\/wp\/v2\/posts\/3596","targetHints":{"allow":["GET"]}}],"collection":[{"href":"https:\/\/ciofs.info\/fr\/wp-json\/wp\/v2\/posts"}],"about":[{"href":"https:\/\/ciofs.info\/fr\/wp-json\/wp\/v2\/types\/post"}],"author":[{"embeddable":true,"href":"https:\/\/ciofs.info\/fr\/wp-json\/wp\/v2\/users\/9"}],"replies":[{"embeddable":true,"href":"https:\/\/ciofs.info\/fr\/wp-json\/wp\/v2\/comments?post=3596"}],"version-history":[{"count":5,"href":"https:\/\/ciofs.info\/fr\/wp-json\/wp\/v2\/posts\/3596\/revisions"}],"predecessor-version":[{"id":3607,"href":"https:\/\/ciofs.info\/fr\/wp-json\/wp\/v2\/posts\/3596\/revisions\/3607"}],"wp:featuredmedia":[{"embeddable":true,"href":"https:\/\/ciofs.info\/fr\/wp-json\/wp\/v2\/media\/3599"}],"wp:attachment":[{"href":"https:\/\/ciofs.info\/fr\/wp-json\/wp\/v2\/media?parent=3596"}],"wp:term":[{"taxonomy":"category","embeddable":true,"href":"https:\/\/ciofs.info\/fr\/wp-json\/wp\/v2\/categories?post=3596"},{"taxonomy":"post_tag","embeddable":true,"href":"https:\/\/ciofs.info\/fr\/wp-json\/wp\/v2\/tags?post=3596"}],"curies":[{"name":"wp","href":"https:\/\/api.w.org\/{rel}","templated":true}]}}