{"id":6847,"date":"2025-09-25T13:45:24","date_gmt":"2025-09-25T13:45:24","guid":{"rendered":"https:\/\/ciofs.info\/?p=6847"},"modified":"2025-09-25T13:48:53","modified_gmt":"2025-09-25T13:48:53","slug":"october-2025-saint-of-month-saint-luigi-guanella-1842-1915","status":"publish","type":"post","link":"https:\/\/ciofs.info\/es\/2025\/09\/25\/october-2025-saint-of-month-saint-luigi-guanella-1842-1915\/","title":{"rendered":"Octubre de 2025: Santo del mes &#8211; San Luigi Guanella (1842-1915)"},"content":{"rendered":"<p>Luigi Guanella naci\u00f3 el 19 de diciembre de 1842 en Francisco, una aldea de la di\u00f3cesis de Como, Italia. Criado por padres cat\u00f3licos practicantes que rezaban el Rosario a diario y le\u00edan la vida de los santos, desarroll\u00f3 una profunda devoci\u00f3n que forj\u00f3 su futuro ministerio.<br \/>\nTras completar sus estudios en el seminario de Como, fue ordenado sacerdote el 26 de mayo de 1866. Fue p\u00e1rroco en Savogno.<\/p>\n<figure id=\"attachment_6853\" aria-describedby=\"caption-attachment-6853\" style=\"width: 240px\" class=\"wp-caption alignright\"><a href=\"https:\/\/ciofs.info\/wp-content\/uploads\/2025\/09\/Guanella3.webp\"><img fetchpriority=\"high\" decoding=\"async\" class=\"wp-image-6853 size-full\" src=\"https:\/\/ciofs.info\/wp-content\/uploads\/2025\/09\/Guanella3.webp\" alt=\"San Luigi Guanella\" width=\"240\" height=\"359\" srcset=\"https:\/\/ciofs.info\/wp-content\/uploads\/2025\/09\/Guanella3.webp 240w, https:\/\/ciofs.info\/wp-content\/uploads\/2025\/09\/Guanella3-201x300.webp 201w, https:\/\/ciofs.info\/wp-content\/uploads\/2025\/09\/Guanella3-100x150.webp 100w\" sizes=\"(max-width: 240px) 100vw, 240px\" \/><\/a><figcaption id=\"caption-attachment-6853\" class=\"wp-caption-text\"><em>Wikipedia | dominio p\u00fablico<\/em><\/figcaption><\/figure>\n<p>Durante siete a\u00f1os de ferviente ministerio, entr\u00f3 en contacto con Don Bosco y la instituci\u00f3n del Cottolengo en Tur\u00edn. Deseoso de una experiencia religiosa m\u00e1s radical, en 1875 se acerc\u00f3 a Don Bosco e hizo los votos religiosos durante tres a\u00f1os. El obispo de Como lo llam\u00f3 de nuevo a la di\u00f3cesis, y Don Guanella regres\u00f3 con el sue\u00f1o de fundar una instituci\u00f3n que acogiera a ni\u00f1os necesitados.<\/p>\n<p>Luigi es el fundador de varios institutos religiosos: las Hijas de Santa Mar\u00eda de la Providencia (1890) y los Siervos de la Caridad (24 de marzo de 1908), junto con sus amigos David Albertario y Giuseppe Toniolo. Guanella tambi\u00e9n fund\u00f3 la P\u00eda Uni\u00f3n de San Jos\u00e9 (1914) con su partidario y primer miembro, el Papa P\u00edo X.<\/p>\n<p>Motivado por su lema \u00abNo se puede detener la ayuda donde hay pobres\u00bb, expandi\u00f3 sus comunidades a otras regiones italianas y a Suiza. En diciembre de 1912, a los setenta a\u00f1os, viaj\u00f3 a Estados Unidos para atender a los inmigrantes italianos. Pas\u00f3 su \u00faltimo a\u00f1o en Roma ayudando a las v\u00edctimas del terremoto de Abruzzo de 1915. Muri\u00f3 el 24 de octubre de 1915.<\/p>\n<p>Durante su estancia con Don Bosco en el Colegio Salesiano de Trinit\u00e0 di Mondov\u00ec, Don Guanella conoci\u00f3 la Tercera Orden de San Francisco. El 19 de marzo de 1877, se uni\u00f3 a la Orden. Incluso en sus primeras obras publicadas, firm\u00f3 como terciario franciscano. Tom\u00f3 este compromiso en serio, consider\u00e1ndolo una profundizaci\u00f3n de su vocaci\u00f3n cristiana y sacerdotal. Tuvo a San Francisco de As\u00eds como gu\u00eda y modelo, sintiendo una genuina devoci\u00f3n por \u00e9l.<\/p>\n<p>San Luis Guanella fue canonizado por el Papa Benedicto XVI el 23 de octubre de 2011, despu\u00e9s de que la Iglesia Cat\u00f3lica reconociera la recuperaci\u00f3n cient\u00edficamente inexplicable de un coma severo por parte de William Glisson en 2002 como un milagro atribuido a la intercesi\u00f3n de Guanella.<\/p>\n<p>Su festividad se celebra el 24 de octubre.<\/p>\n<p>Fuentes:<br \/>\n<a href=\"https:\/\/www.causesanti.va\/it\/santi-e-beati\/luigi-guanella.html\" target=\"_blank\" rel=\"noopener\">https:\/\/www.causesanti.va\/it\/santi-e-beati\/luigi-guanella.html<\/a><br \/>\n<a href=\"https:\/\/en.operadonguanella.it\/riflessioni\/1707-don-guanella-francescano\" target=\"_blank\" rel=\"noopener\">Don Guanella &#8220;Franciscan&#8221;<\/a><\/p>\n","protected":false},"excerpt":{"rendered":"<p>Luigi Guanella naci\u00f3 el 19 de diciembre de 1842 en Francisco, una aldea de la di\u00f3cesis de Como, Italia. Criado por padres cat\u00f3licos practicantes que rezaban el Rosario a diario y le\u00edan la vida de los santos, desarroll\u00f3 una profunda devoci\u00f3n que forj\u00f3 su futuro ministerio. Tras completar sus estudios en el seminario de Como, [&hellip;]<\/p>\n","protected":false},"author":1,"featured_media":6852,"comment_status":"closed","ping_status":"open","sticky":false,"template":"","format":"standard","meta":{"site-sidebar-layout":"default","site-content-layout":"default","ast-site-content-layout":"default","site-content-style":"default","site-sidebar-style":"default","ast-global-header-display":"","ast-banner-title-visibility":"","ast-main-header-display":"","ast-hfb-above-header-display":"","ast-hfb-below-header-display":"","ast-hfb-mobile-header-display":"","site-post-title":"","ast-breadcrumbs-content":"","ast-featured-img":"disabled","footer-sml-layout":"","ast-disable-related-posts":"","theme-transparent-header-meta":"default","adv-header-id-meta":"","stick-header-meta":"","header-above-stick-meta":"","header-main-stick-meta":"","header-below-stick-meta":"","astra-migrate-meta-layouts":"default","ast-page-background-enabled":"default","ast-page-background-meta":{"desktop":{"background-color":"","background-image":"","background-repeat":"repeat","background-position":"center center","background-size":"auto","background-attachment":"scroll","background-type":"","background-media":"","overlay-type":"","overlay-color":"","overlay-opacity":"","overlay-gradient":""},"tablet":{"background-color":"","background-image":"","background-repeat":"repeat","background-position":"center center","background-size":"auto","background-attachment":"scroll","background-type":"","background-media":"","overlay-type":"","overlay-color":"","overlay-opacity":"","overlay-gradient":""},"mobile":{"background-color":"","background-image":"","background-repeat":"repeat","background-position":"center center","background-size":"auto","background-attachment":"scroll","background-type":"","background-media":"","overlay-type":"","overlay-color":"","overlay-opacity":"","overlay-gradient":""}},"ast-content-background-meta":{"desktop":{"background-color":"var(--ast-global-color-5)","background-image":"","background-repeat":"repeat","background-position":"center center","background-size":"auto","background-attachment":"scroll","background-type":"","background-media":"","overlay-type":"","overlay-color":"","overlay-opacity":"","overlay-gradient":""},"tablet":{"background-color":"var(--ast-global-color-5)","background-image":"","background-repeat":"repeat","background-position":"center center","background-size":"auto","background-attachment":"scroll","background-type":"","background-media":"","overlay-type":"","overlay-color":"","overlay-opacity":"","overlay-gradient":""},"mobile":{"background-color":"var(--ast-global-color-5)","background-image":"","background-repeat":"repeat","background-position":"center center","background-size":"auto","background-attachment":"scroll","background-type":"","background-media":"","overlay-type":"","overlay-color":"","overlay-opacity":"","overlay-gradient":""}},"footnotes":""},"categories":[2,12,66],"tags":[],"class_list":["post-6847","post","type-post","status-publish","format-standard","has-post-thumbnail","hentry","category-main-page","category-news","category-saint-of-month"],"translation":{"provider":"WPGlobus","version":"3.0.2","language":"es","enabled_languages":["en","it","es","fr"],"languages":{"en":{"title":true,"content":true,"excerpt":false},"it":{"title":true,"content":true,"excerpt":false},"es":{"title":true,"content":true,"excerpt":false},"fr":{"title":true,"content":true,"excerpt":false}}},"rttpg_featured_image_url":{"full":["https:\/\/ciofs.info\/wp-content\/uploads\/2025\/09\/1L-Guanella-8x4-1.webp",576,430,false],"landscape":["https:\/\/ciofs.info\/wp-content\/uploads\/2025\/09\/1L-Guanella-8x4-1.webp",576,430,false],"portraits":["https:\/\/ciofs.info\/wp-content\/uploads\/2025\/09\/1L-Guanella-8x4-1.webp",576,430,false],"thumbnail":["https:\/\/ciofs.info\/wp-content\/uploads\/2025\/09\/1L-Guanella-8x4-1-150x112.webp",150,112,true],"medium":["https:\/\/ciofs.info\/wp-content\/uploads\/2025\/09\/1L-Guanella-8x4-1-300x224.webp",300,224,true],"large":["https:\/\/ciofs.info\/wp-content\/uploads\/2025\/09\/1L-Guanella-8x4-1.webp",576,430,false],"1536x1536":["https:\/\/ciofs.info\/wp-content\/uploads\/2025\/09\/1L-Guanella-8x4-1.webp",576,430,false],"2048x2048":["https:\/\/ciofs.info\/wp-content\/uploads\/2025\/09\/1L-Guanella-8x4-1.webp",576,430,false],"alm-thumbnail":["https:\/\/ciofs.info\/wp-content\/uploads\/2025\/09\/1L-Guanella-8x4-1-150x150.webp",150,150,true]},"rttpg_author":{"display_name":"robert","author_link":"https:\/\/ciofs.info\/es\/author\/robert\/"},"rttpg_comment":0,"rttpg_category":"<a href=\"https:\/\/ciofs.info\/es\/category\/main-page\/\" rel=\"category tag\">Main Page<\/a> <a href=\"https:\/\/ciofs.info\/es\/category\/news\/\" rel=\"category tag\">News<\/a> <a href=\"https:\/\/ciofs.info\/es\/category\/projects\/saint-of-month\/\" rel=\"category tag\">Saint of Month<\/a>","rttpg_excerpt":"Luigi Guanella naci\u00f3 el 19 de diciembre de 1842 en Francisco, una aldea de la di\u00f3cesis de Como, Italia. Criado por padres cat\u00f3licos practicantes que rezaban el Rosario a diario y le\u00edan la vida de los santos, desarroll\u00f3 una profunda devoci\u00f3n que forj\u00f3 su futuro ministerio. Tras completar sus estudios en el seminario de Como,&hellip;","_links":{"self":[{"href":"https:\/\/ciofs.info\/es\/wp-json\/wp\/v2\/posts\/6847","targetHints":{"allow":["GET"]}}],"collection":[{"href":"https:\/\/ciofs.info\/es\/wp-json\/wp\/v2\/posts"}],"about":[{"href":"https:\/\/ciofs.info\/es\/wp-json\/wp\/v2\/types\/post"}],"author":[{"embeddable":true,"href":"https:\/\/ciofs.info\/es\/wp-json\/wp\/v2\/users\/1"}],"replies":[{"embeddable":true,"href":"https:\/\/ciofs.info\/es\/wp-json\/wp\/v2\/comments?post=6847"}],"version-history":[{"count":16,"href":"https:\/\/ciofs.info\/es\/wp-json\/wp\/v2\/posts\/6847\/revisions"}],"predecessor-version":[{"id":6865,"href":"https:\/\/ciofs.info\/es\/wp-json\/wp\/v2\/posts\/6847\/revisions\/6865"}],"wp:featuredmedia":[{"embeddable":true,"href":"https:\/\/ciofs.info\/es\/wp-json\/wp\/v2\/media\/6852"}],"wp:attachment":[{"href":"https:\/\/ciofs.info\/es\/wp-json\/wp\/v2\/media?parent=6847"}],"wp:term":[{"taxonomy":"category","embeddable":true,"href":"https:\/\/ciofs.info\/es\/wp-json\/wp\/v2\/categories?post=6847"},{"taxonomy":"post_tag","embeddable":true,"href":"https:\/\/ciofs.info\/es\/wp-json\/wp\/v2\/tags?post=6847"}],"curies":[{"name":"wp","href":"https:\/\/api.w.org\/{rel}","templated":true}]}}